{"id":42,"date":"2023-08-11T14:01:54","date_gmt":"2023-08-11T12:01:54","guid":{"rendered":"https:\/\/www.musica.at\/blog\/?p=42"},"modified":"2023-08-11T14:01:54","modified_gmt":"2023-08-11T12:01:54","slug":"das-musical-hair","status":"publish","type":"post","link":"https:\/\/www.musica.at\/blog\/das-musical-hair\/","title":{"rendered":"Das Musical Hair"},"content":{"rendered":"<h1><a style=\"text-decoration: none;\" name=\"deutsch\"><\/a>Die Zeitreise der Rebellion: Eine Analyse von &#8218;Hair&#8216; als bahnbrechendes kulturelles Ph\u00e4nomen<\/h1>\n<p style=\"text-align: right;\"><a title=\"The Time Capsule of Rebellion: Analyzing Hair as a Groundbreaking Cultural Phenomenon\" href=\"#english\">english&#8230;<\/a><\/p>\n<p style=\"text-align: left;\"><strong>Das Musical &#8218;Hair&#8216;<\/strong>, das erstmals 1967 aufgef\u00fchrt wurde, steht als ein kraftvolles Beispiel f\u00fcr die Verschmelzung von Musik, Kunst und sozialer Bewegung. Seine wilde Energie, freie Liebe und rebellische Haltung gegen\u00fcber gesellschaftlichen Normen machten es zu einem Spiegelbild der Zeit, in der es entstand. Von seiner Entstehungsgeschichte bis hin zur B\u00fchnenperformance und Verfilmung hat &#8218;Hair&#8216; eine au\u00dfergew\u00f6hnliche Reise durch kulturelle Grenzen und politische Bewegungen unternommen.<\/p>\n<p><strong>Die Urspr\u00fcnge von &#8218;Hair&#8216;<\/strong> reichen zur\u00fcck in die fr\u00fchen 1960er Jahre, als der Songwriter Gerome Ragni und der Schauspieler James Rado begannen, an einer Theaterproduktion zu arbeiten, die die aufkeimende Gegenkultur und den Hippie-Lebensstil in den USA einfangen sollte. Gemeinsam mit dem Komponisten Galt MacDermot schufen sie ein Werk, das die sozialen und politischen Spannungen jener Zeit aufgriff. Die ersten Auff\u00fchrungen erfolgten 1967 Off-Broadway, bevor das Musical schlie\u00dflich den Sprung auf den Broadway schaffte.<\/p>\n<p><strong>Die Handlung von &#8218;Hair&#8216;<\/strong> dreht sich um eine Gruppe von jungen Hippies in New York City, die sich gegen die Konventionen der Gesellschaft auflehnen und ihren eigenen Weg suchen. Die Geschichte folgt Claude, einem jungen Mann, der zwischen seiner rebellischen Lebensweise und den Erwartungen seiner Familie und der Armee steht. Das Musical erkundet Themen wie Rassismus, Sexualit\u00e4t, Patriotismus, Freiheit und den Vietnamkrieg. Eine zentrale Botschaft ist die Suche nach Identit\u00e4t und Freiheit, sowohl auf individueller als auch auf kollektiver Ebene.<\/p>\n<div class=\"werbediv\">\nDie Domain &#8222;<a href=\"https:\/\/www.musica.at\/de\/domain.php?s=musical.hair\">musical.hair<\/a> steht zum Verkauf!\n<\/div>\n<p><strong>In einer \u00c4ra, die von politischen Umw\u00e4lzungen, B\u00fcrgerrechtsbewegungen und dem Anti-Kriegs-Protest gepr\u00e4gt war<\/strong>, spiegelte &#8218;Hair&#8216; die Sehns\u00fcchte und Frustrationen der Jugend wider. Die freie Liebe, die Ablehnung der Autorit\u00e4t und die musikalische Vielfalt des Musicals trafen den Nerv einer Generation, die nach Ausdruck und Ver\u00e4nderung hungerte. &#8218;Hair&#8216; wurde zu einer Hymne der Gegenkultur und zu einem Symbol f\u00fcr die Suche nach einer neuen Weltordnung.<\/p>\n<p><strong>Die Musik von &#8218;Hair&#8216;<\/strong> zeichnet sich durch ihre Mischung aus Rock, Pop, Gospel und Folk aus. Die Lieder wie &#8222;Aquarius&#8220;, &#8222;Let the Sunshine In&#8220; und &#8222;Hair&#8220; selbst wurden Hymnen f\u00fcr die Bewegung. Die musikalische Bandbreite spiegelte die Diversit\u00e4t der Protagonisten wider und schuf eine Atmosph\u00e4re der Emanzipation und des Miteinanders.<\/p>\n<p><strong>Die sozialen Einfl\u00fcsse von &#8218;Hair&#8216;<\/strong> waren immens. Es hob Tabus auf und pr\u00e4sentierte Nacktheit auf der B\u00fchne, was f\u00fcr damalige Verh\u00e4ltnisse \u00e4u\u00dferst provokant war. Es feierte die Vielfalt der Menschheit und k\u00e4mpfte f\u00fcr Gleichheit und Gerechtigkeit. Das Musical trug dazu bei, die sexuelle Revolution zu befeuern und stellte die traditionelle Vorstellung von Familie und Moral in Frage.<\/p>\n<p><strong>Die B\u00fchnenauff\u00fchrung von &#8218;Hair&#8216;<\/strong> war gepr\u00e4gt von der Intimit\u00e4t zwischen Darstellern und Publikum. Die Interaktionen, die Musik und die Botschaft wurden auf diese Weise intensiv erlebt. <strong>Die Verfilmung von &#8218;Hair&#8216; <\/strong>im Jahr 1979 unter der Regie von Milo\u0161 Forman konnte diesen unmittelbaren Kontakt nicht vollst\u00e4ndig wiedergeben. Dennoch erweiterte der Film die Reichweite des Musicals und verewigte es f\u00fcr ein breiteres Publikum.<\/p>\n<p><strong>&#8218;Hair&#8216; bleibt ein Meilenstein der Musiktheatergeschichte<\/strong>, der die Br\u00fccke zwischen Kunst, Musik und sozialen Bewegungen schl\u00e4gt. Mit seiner kraftvollen Botschaft der Rebellion und Freiheit wird es immer in Erinnerung bleiben als ein lebendiges Zeugnis der Gegenkultur der 1960er Jahre. Die Musik und die Themen von &#8218;Hair&#8216; haben sich tief in die kulturelle Landschaft eingepr\u00e4gt und inspirieren auch weiterhin Menschen, f\u00fcr Ver\u00e4nderungen einzustehen und ihre Stimmen zu erheben.<\/p>\n<p><big>Youtube Video: <a href=\"https:\/\/youtu.be\/fhNrqc6yvTU?t=99\">Hair &#8211; Let the Sunshine In<\/a><\/big><\/p>\n<hr \/>\n<h2><a name=\"english\"><\/a>The Time Capsule of Rebellion: Analyzing &#8218;Hair&#8216; as a Groundbreaking Cultural Phenomenon<\/h2>\n<p style=\"text-align: right;\"><a title=\"Die Zeitreise der Rebellion: Eine Analyse von Hair als bahnbrechendes kulturelles Ph\u00e4nomen\" href=\"#deutsch\">deutsch&#8230;<\/a><\/p>\n<p><strong>The musical &#8218;Hair&#8216;<\/strong>, first performed in 1967, stands as a powerful testament to the fusion of music, art, and social movement. Its wild energy, embrace of free love, and rebellious attitude towards societal norms made it a reflection of the era in which it emerged. From its origin story to its stage performance and film adaptation, &#8218;Hair&#8216; embarked on an extraordinary journey across cultural boundaries and political movements.<\/p>\n<p><strong>The origins of &#8218;Hair&#8216;<\/strong> trace back to the early 1960s, when songwriter Gerome Ragni and actor James Rado began working on a theatrical production that would capture the burgeoning counterculture and hippie lifestyle in the USA. Collaborating with composer Galt MacDermot, they crafted a work that addressed the social and political tensions of the time. The initial performances took place Off-Broadway in 1967 before the musical eventually made its way to Broadway.<\/p>\n<p><strong>The plot of &#8218;Hair&#8216;<\/strong> revolves around a group of young hippies in New York City who rebel against societal conventions and seek their own path. The story follows Claude, a young man torn between his rebellious lifestyle and the expectations of his family and the military. The musical delves into themes such as racism, sexuality, patriotism, freedom, and the Vietnam War. A central message is the quest for identity and freedom, both on an individual and collective level.<\/p>\n<div class=\"werbediv\">\nDomain <a href=\"https:\/\/www.musica.at\/de\/domain.php?s=musical.hair\">musical.hair<\/a> is for sale!\n<\/div>\n<p><strong>In an era marked by political upheavals, civil rights movements, and anti-war protests, &#8218;Hair&#8216;<\/strong> reflected the yearnings and frustrations of the youth. Its embrace of free love, rejection of authority, and musical diversity resonated with a generation hungry for expression and change. &#8218;Hair&#8216; became an anthem of the counterculture and a symbol of the quest for a new world order.<\/p>\n<p><strong>The music of &#8218;Hair&#8216;<\/strong> is characterized by its blend of rock, pop, gospel, and folk. Songs like &#8222;Aquarius,&#8220; &#8222;Let the Sunshine In,&#8220; and the titular &#8222;Hair&#8220; became anthems for the movement. The musical diversity mirrored the protagonists&#8216; diversity and created an atmosphere of emancipation and togetherness.<\/p>\n<p><strong>The social influences of &#8218;Hair&#8216;<\/strong> were immense. It shattered taboos by featuring nudity on stage, which was highly provocative for the time. It celebrated the diversity of humanity and advocated for equality and justice. The musical contributed to fueling the sexual revolution and challenged traditional notions of family and morality.<\/p>\n<p><strong>The stage performance of &#8218;Hair&#8216;<\/strong> was defined by the intimacy between performers and the audience. The interactions, the music, and the message were experienced intensely. <strong>The film adaptation of &#8218;Hair&#8216;<\/strong> in 1979 directed by Milo\u0161 Forman couldn&#8217;t fully replicate this immediate connection. Nevertheless, the film extended the musical&#8217;s reach and immortalized it for a wider audience.<\/p>\n<p><strong>&#8218;Hair&#8216; remains a milestone in musical theatre history<\/strong>, bridging the gap between art, music, and social movements. With its powerful message of rebellion and freedom, it will forever stand as a living testament to the 1960s counterculture. The music and themes of &#8218;Hair&#8216; have deeply embedded themselves in the cultural landscape, continuing to inspire people to stand for change and raise their voices.<\/p>\n<p>Youtube Soundtracks Hair, Original Broadway Cast:<br \/>\n<a href=\"https:\/\/youtu.be\/fhNrqc6yvTU?t=99\">Hair &#8211; Let the Sunshine In<\/a><br \/>\n<a href=\"https:\/\/www.youtube.com\/watch?v=y2CoR1vggYc&#038;list=PLmE-nbZ89BYZVdAmSxDyfh8yC8Eu2co4k&#038;index=1&#038;pp=iAQB8AUB\" title=\"Musical Hair: Aquarius\">Hair &#8211; Aquarius<\/a><br \/>\n<a href=\"https:\/\/www.youtube.com\/watch?v=iOSRMPIuRHk&#038;list=PLmE-nbZ89BYZVdAmSxDyfh8yC8Eu2co4k&#038;index=2&#038;pp=iAQB8AUB\" title=\"Musical Hair: I Believe in Love\">Hair &#8211; I Believe in Love<\/a><br \/>\n<a href=\"https:\/\/www.youtube.com\/watch?v=9iVR3wPutTY&#038;list=PLmE-nbZ89BYZVdAmSxDyfh8yC8Eu2co4k&#038;index=3&#038;pp=iAQB8AUB\" title=\"Musical Hair: Air\">Hair &#8211; Air<\/a><br \/>\n<a href=\"https:\/\/www.youtube.com\/watch?v=h8IKFbst1JM&#038;list=PLmE-nbZ89BYZVdAmSxDyfh8yC8Eu2co4k&#038;index=4&#038;pp=iAQB8AUB\" title=\"Musical Hair: Going Down\">Hair &#8211; Going Down<\/a><br \/>\n<a href=\"https:\/\/www.youtube.com\/watch?v=gdLLyDTgNIU&#038;list=PLmE-nbZ89BYZVdAmSxDyfh8yC8Eu2co4k&#038;index=5&#038;pp=iAQB8AUB\" title=\"Musical Hair: Hair\">Hair &#8211; Hair<\/a><br \/>\n<a href=\"https:\/\/www.youtube.com\/watch?v=eRGeIrAfq-k&#038;list=PLmE-nbZ89BYZVdAmSxDyfh8yC8Eu2co4k&#038;index=6&#038;pp=iAQB8AUB\" title=\"Musical Hair: My Conviction\">Hair &#8211; My Conviction<\/a><br \/>\n<a href=\"https:\/\/www.youtube.com\/watch?v=2h3WtOVndWk&#038;list=PLmE-nbZ89BYZVdAmSxDyfh8yC8Eu2co4k&#038;index=7&#038;pp=iAQB8AUB\" title=\"Musical Hair: Easy to Be Hard\">Hair &#8211; Easy to Be Hard<\/a><br \/>\n<a href=\"https:\/\/www.youtube.com\/watch?v=jlN6GwZtTkI&#038;list=PLmE-nbZ89BYZVdAmSxDyfh8yC8Eu2co4k&#038;index=8&#038;pp=iAQB8AUB\" title=\"Musical Hair: Frank Mills\">Hair &#8211; Frank Mills<\/a><br \/>\n<a href=\"https:\/\/www.youtube.com\/watch?v=xWVW55os5g0&#038;list=PLmE-nbZ89BYZVdAmSxDyfh8yC8Eu2co4k&#038;index=9&#038;pp=iAQB8AUB\" title=\"Musical Hair: Where Do I Go\">Hair &#8211; Where Do I Go<\/a><br \/>\n<a href=\"https:\/\/www.youtube.com\/watch?v=cBqj-6I-NDE&#038;list=PLmE-nbZ89BYZVdAmSxDyfh8yC8Eu2co4k&#038;index=10&#038;pp=iAQB8AUB\" title=\"Musical Hair: Electric Blues\">Hair &#8211; Electric Blues<\/a><br \/>\n<a href=\"https:\/\/www.youtube.com\/watch?v=Tbftd1WY16Y&#038;list=PLmE-nbZ89BYZVdAmSxDyfh8yC8Eu2co4k&#038;index=11&#038;pp=iAQB8AUB\" title=\"Musical Hair: Black Boys \/ White Boys\">Hair &#8211; Black Boys \/ White Boys<\/a><br \/>\n<a href=\"https:\/\/www.youtube.com\/watch?v=xCIS_fpYUsA&#038;list=PLmE-nbZ89BYZVdAmSxDyfh8yC8Eu2co4k&#038;index=12&#038;pp=iAQB8AUB\" title=\"Musical Hair: Walking In Space\">Hair &#8211; Walking In Space<\/a><br \/>\n<a href=\"https:\/\/www.youtube.com\/watch?v=IuzInon8qUY&#038;list=PLmE-nbZ89BYZVdAmSxDyfh8yC8Eu2co4k&#038;index=13&#038;pp=iAQB8AUB\" title=\"Musical Hair: Abie Baby\">Hair &#8211; Abie Baby<\/a><br \/>\n<a href=\"https:\/\/www.youtube.com\/watch?v=fstxNFdQWZQ&#038;list=PLmE-nbZ89BYZVdAmSxDyfh8yC8Eu2co4k&#038;index=14&#038;pp=iAQB8AUB\" title=\"Musical Hair: What a Piece of Work is Man\">Hair &#8211; What a Piece of Work is Man<\/a><br \/>\n<a href=\"https:\/\/www.youtube.com\/watch?v=tLdrUIFaDsA&#038;list=PLmE-nbZ89BYZVdAmSxDyfh8yC8Eu2co4k&#038;index=15&#038;pp=iAQB8AUB\" title=\"Musical Hair: Good Morning Starshine\">Hair &#8211; Good Morning Starshine<\/a><br \/>\n<a href=\"https:\/\/www.youtube.com\/watch?v=xWBEam2U-KQ&#038;list=PLmE-nbZ89BYZVdAmSxDyfh8yC8Eu2co4k&#038;index=16&#038;pp=iAQB8AUB\" title=\"Musical Hair:  The Flesh Failures (Let the Sunshine In)\">Hair &#8211; The Flesh Failures (Let the Sunshine In)<\/a><\/p>\n<p><big><a href=\"https:\/\/www.imdb.com\/title\/tt0079261\/\" title=\"Musical Hair @ IMDb.com\">Musical Hair @ IMDb.com<\/a><\/big><\/p>\n","protected":false},"excerpt":{"rendered":"<p>Die Zeitreise der Rebellion: Eine Analyse von &#8218;Hair&#8216; als bahnbrechendes kulturelles Ph\u00e4nomen english&#8230; Das Musical &#8218;Hair&#8216;, das erstmals 1967 aufgef\u00fchrt wurde, steht als ein kraftvolles Beispiel f\u00fcr die Verschmelzung von Musik, Kunst und sozialer Bewegung. Seine wilde Energie, freie Liebe und rebellische Haltung gegen\u00fcber gesellschaftlichen Normen machten es zu einem Spiegelbild der Zeit, in der [&hellip;]<\/p>\n","protected":false},"author":1,"featured_media":0,"comment_status":"open","ping_status":"open","sticky":false,"template":"","format":"standard","meta":{"h5ap_radio_sources":[],"footnotes":""},"categories":[19],"tags":[23,21,20,22],"class_list":["post-42","post","type-post","status-publish","format-standard","hentry","category-musical","tag-broadway","tag-hair","tag-musical","tag-soundtracks"],"_links":{"self":[{"href":"https:\/\/www.musica.at\/blog\/wp-json\/wp\/v2\/posts\/42","targetHints":{"allow":["GET"]}}],"collection":[{"href":"https:\/\/www.musica.at\/blog\/wp-json\/wp\/v2\/posts"}],"about":[{"href":"https:\/\/www.musica.at\/blog\/wp-json\/wp\/v2\/types\/post"}],"author":[{"embeddable":true,"href":"https:\/\/www.musica.at\/blog\/wp-json\/wp\/v2\/users\/1"}],"replies":[{"embeddable":true,"href":"https:\/\/www.musica.at\/blog\/wp-json\/wp\/v2\/comments?post=42"}],"version-history":[{"count":3,"href":"https:\/\/www.musica.at\/blog\/wp-json\/wp\/v2\/posts\/42\/revisions"}],"predecessor-version":[{"id":54,"href":"https:\/\/www.musica.at\/blog\/wp-json\/wp\/v2\/posts\/42\/revisions\/54"}],"wp:attachment":[{"href":"https:\/\/www.musica.at\/blog\/wp-json\/wp\/v2\/media?parent=42"}],"wp:term":[{"taxonomy":"category","embeddable":true,"href":"https:\/\/www.musica.at\/blog\/wp-json\/wp\/v2\/categories?post=42"},{"taxonomy":"post_tag","embeddable":true,"href":"https:\/\/www.musica.at\/blog\/wp-json\/wp\/v2\/tags?post=42"}],"curies":[{"name":"wp","href":"https:\/\/api.w.org\/{rel}","templated":true}]}}